{"id":1263,"date":"2020-10-18T19:45:41","date_gmt":"2020-10-18T17:45:41","guid":{"rendered":"http:\/\/www.simillimum.org\/astrologia\/?p=1263"},"modified":"2020-10-18T19:45:41","modified_gmt":"2020-10-18T17:45:41","slug":"point-vernal-sur-le-mi-point-de-saturne-et-admetos-signe-le-confinement-et-les-restrictions","status":"publish","type":"post","link":"https:\/\/www.simillimum.org\/astrologia\/point-vernal-sur-le-mi-point-de-saturne-et-admetos-signe-le-confinement-et-les-restrictions\/","title":{"rendered":"Point Vernal sur le mi-point de Saturne et Admetos signe le confinement et les restrictions"},"content":{"rendered":"<p><strong>Le point vernal est sur le mi-point de Saturne et Admetos du 18\/03\/2020 au 29\/12\/2020. Nous le repr\u00e9sentons ici sur le cadran de 90\u00b0 tel que propos\u00e9 par Alfred Witte.<br \/>\n<\/strong><\/p>\n<p><img loading=\"lazy\" decoding=\"async\" class=\"wp-image-1270 aligncenter\" src=\"http:\/\/www.simillimum.org\/astrologia\/wp-content\/uploads\/sites\/2\/2020\/10\/Screenshot-18_10_2020-19_20_09-3-1024x813.png\" alt=\"\" width=\"811\" height=\"644\" srcset=\"https:\/\/www.simillimum.org\/astrologia\/wp-content\/uploads\/sites\/2\/2020\/10\/Screenshot-18_10_2020-19_20_09-3-1024x813.png 1024w, https:\/\/www.simillimum.org\/astrologia\/wp-content\/uploads\/sites\/2\/2020\/10\/Screenshot-18_10_2020-19_20_09-3-300x238.png 300w, https:\/\/www.simillimum.org\/astrologia\/wp-content\/uploads\/sites\/2\/2020\/10\/Screenshot-18_10_2020-19_20_09-3-768x610.png 768w, https:\/\/www.simillimum.org\/astrologia\/wp-content\/uploads\/sites\/2\/2020\/10\/Screenshot-18_10_2020-19_20_09-3.png 1204w\" sizes=\"auto, (max-width: 811px) 100vw, 811px\" \/><\/p>\n<p>L&rsquo;analyse des mi-points est une sp\u00e9cificit\u00e9 issue de l&rsquo;astrologie uranienne, qui utilise de surcro\u00eet 8 points fictifs, comme ici Admetos.<\/p>\n<p>Le point vernal symbolise tout ce qui affecte le peuple au niveau mondial.<\/p>\n<p>Saturne\/Admetos sur le point Vernal signifie : <em>ralentissement, inaction, interruption, suspension, arr\u00eat, stagnation, immobilisation, blocage, entrave g\u00e9n\u00e9rale.<\/em><\/p>\n<p>Qu&rsquo;est ce qui pourrait mieux d\u00e9finir ce que nous sommes en train de vivre, avec toutes ces restrictions liberticides et les graves r\u00e9percussions sanitaires, \u00e9conomiques, sociales et humaines ?<\/p>\n<p>Le Dr David Nabarro, envoy\u00e9 sp\u00e9cial de l&rsquo;OMS pour le Covid-19 dit : \u00ab\u00a0Les confinements de masse pourraient faire \u00ab doubler \u00bb les niveaux de pauvret\u00e9 et d\u2019insuffisance alimentaire chez les enfants \u00e0 travers le monde d\u00e8s l\u2019ann\u00e9e prochaine. C\u2019est une terrible, \u00e9pouvantable catastrophe, en fait. Donc, nous en appelons aux leaders du monde : arr\u00eatez d\u2019utiliser le confinement comme principale m\u00e9thode de contr\u00f4le. D\u00e9veloppez de meilleurs syst\u00e8mes pour ce faire \u00bb, a-t-il ajout\u00e9. \u00a0\u00bb<\/p>\n<p>Cette configuration astrologique pourrait augurer que les restrictions prendrons fin \u00e0 partir de d\u00e9but janvier.<\/p>\n","protected":false},"excerpt":{"rendered":"<p>Le point vernal est sur le mi-point de Saturne et Admetos du 18\/03\/2020 au 29\/12\/2020. Nous le repr\u00e9sentons ici sur le cadran de 90\u00b0 tel que propos\u00e9 par Alfred Witte. L&rsquo;analyse des mi-points est une sp\u00e9cificit\u00e9 issue de l&rsquo;astrologie uranienne, qui utilise de surcro\u00eet 8 points fictifs, comme ici Admetos. Le point vernal symbolise tout [&hellip;]<\/p>\n","protected":false},"author":2,"featured_media":0,"comment_status":"open","ping_status":"open","sticky":false,"template":"","format":"standard","meta":{"footnotes":""},"categories":[102],"tags":[13,121],"class_list":["post-1263","post","type-post","status-publish","format-standard","hentry","category-astrologie-uranienne","tag-astrologie","tag-covid"],"aioseo_notices":[],"_links":{"self":[{"href":"https:\/\/www.simillimum.org\/astrologia\/wp-json\/wp\/v2\/posts\/1263","targetHints":{"allow":["GET"]}}],"collection":[{"href":"https:\/\/www.simillimum.org\/astrologia\/wp-json\/wp\/v2\/posts"}],"about":[{"href":"https:\/\/www.simillimum.org\/astrologia\/wp-json\/wp\/v2\/types\/post"}],"author":[{"embeddable":true,"href":"https:\/\/www.simillimum.org\/astrologia\/wp-json\/wp\/v2\/users\/2"}],"replies":[{"embeddable":true,"href":"https:\/\/www.simillimum.org\/astrologia\/wp-json\/wp\/v2\/comments?post=1263"}],"version-history":[{"count":3,"href":"https:\/\/www.simillimum.org\/astrologia\/wp-json\/wp\/v2\/posts\/1263\/revisions"}],"predecessor-version":[{"id":1274,"href":"https:\/\/www.simillimum.org\/astrologia\/wp-json\/wp\/v2\/posts\/1263\/revisions\/1274"}],"wp:attachment":[{"href":"https:\/\/www.simillimum.org\/astrologia\/wp-json\/wp\/v2\/media?parent=1263"}],"wp:term":[{"taxonomy":"category","embeddable":true,"href":"https:\/\/www.simillimum.org\/astrologia\/wp-json\/wp\/v2\/categories?post=1263"},{"taxonomy":"post_tag","embeddable":true,"href":"https:\/\/www.simillimum.org\/astrologia\/wp-json\/wp\/v2\/tags?post=1263"}],"curies":[{"name":"wp","href":"https:\/\/api.w.org\/{rel}","templated":true}]}}